{"id":12968,"date":"2019-08-20T17:52:07","date_gmt":"2019-08-20T17:52:07","guid":{"rendered":"https:\/\/gdprtanacsadas.eu\/?p=12968"},"modified":"2019-08-20T17:52:08","modified_gmt":"2019-08-20T17:52:08","slug":"12968","status":"publish","type":"post","link":"https:\/\/gdprtanacsadas.eu\/index.php\/2019\/08\/20\/12968\/","title":{"rendered":""},"content":{"rendered":"\n<h1 class=\"wp-block-heading\">Nincs t\u00f6bb t\u00fcrelem GDPR \u00fcgyekben<\/h1>\n\n\n\n<p> <strong>Egy \u00e9vvel a GDPR t\u00fcrelmi idej\u00e9nek lej\u00e1rta ut\u00e1n nem lesz olyan be nem jelentett adatv\u00e9delmi incidenssel kapcsolatos \u00fcgy, amelyben nem szab ki b\u00edrs\u00e1got a NAIH \u2013 mondta P\u00e9terfalvi Attila hat\u00f3s\u00e1gi eln\u00f6k<\/strong> a Deloitte MeetingRequest podcastj\u00e9ben. A 2018. m\u00e1jus 25-\u00e9n \u00e9lesedett jogszab\u00e1ly miatt minden v\u00e1llalatnak \u00e9rdemes kiemelten figyelnie arra, hogy teljes\u00edtse a jogalkot\u00f3k elv\u00e1r\u00e1sait. <\/p>\n\n\n\n<p>B\u0151vebben:<\/p>\n\n\n\n<p><a href=\"https:\/\/www2.deloitte.com\/hu\/hu\/pages\/jog\/articles\/nincs-tobb-turelem-gdpr-ugyekben.html?fbclid=IwAR34Ics0_XWpYZg3yVS_ki2mP5Fbt2M5xBXZjunUilIecuC02CN-OMFpXTI\">https:\/\/www2.deloitte.com\/hu\/hu\/pages\/jog\/articles\/nincs-tobb-turelem-gdpr-ugyekben.html?fbclid=IwAR34Ics0_XWpYZg3yVS_ki2mP5Fbt2M5xBXZjunUilIecuC02CN-OMFpXTI<\/a><\/p>\n","protected":false},"excerpt":{"rendered":"<p>Nincs t\u00f6bb t\u00fcrelem GDPR \u00fcgyekben Egy \u00e9vvel a GDPR t\u00fcrelmi idej\u00e9nek lej\u00e1rta ut\u00e1n nem lesz olyan be nem jelentett adatv\u00e9delmi incidenssel kapcsolatos \u00fcgy, amelyben nem szab ki b\u00edrs\u00e1got a NAIH \u2013 mondta P\u00e9terfalvi Attila hat\u00f3s\u00e1gi eln\u00f6k a Deloitte MeetingRequest podcastj\u00e9ben. A 2018. m\u00e1jus 25-\u00e9n \u00e9lesedett jogszab\u00e1ly miatt minden v\u00e1llalatnak \u00e9rdemes kiemelten figyelnie arra, hogy teljes\u00edtse a jogalkot\u00f3k elv\u00e1r\u00e1sait. B\u0151vebben: https:\/\/www2.deloitte.com\/hu\/hu\/pages\/jog\/articles\/nincs-tobb-turelem-gdpr-ugyekben.html?fbclid=IwAR34Ics0_XWpYZg3yVS_ki2mP5Fbt2M5xBXZjunUilIecuC02CN-OMFpXTI<\/p>\n","protected":false},"author":1,"featured_media":12969,"comment_status":"closed","ping_status":"closed","sticky":false,"template":"","format":"standard","meta":{"footnotes":""},"categories":[1],"tags":[],"class_list":["post-12968","post","type-post","status-publish","format-standard","has-post-thumbnail","hentry","category-egyeb"],"yoast_head":"<!-- This site is optimized with the Yoast SEO plugin v27.4 - https:\/\/yoast.com\/product\/yoast-seo-wordpress\/ -->\n<title>- gdprtanacsadas.eu<\/title>\n<meta name=\"robots\" content=\"noindex, follow\" \/>\n<meta property=\"og:locale\" content=\"hu_HU\" \/>\n<meta property=\"og:type\" content=\"article\" \/>\n<meta property=\"og:title\" content=\"- gdprtanacsadas.eu\" \/>\n<meta property=\"og:description\" content=\"Nincs t\u00f6bb t\u00fcrelem GDPR \u00fcgyekben Egy \u00e9vvel a GDPR t\u00fcrelmi idej\u00e9nek lej\u00e1rta ut\u00e1n nem lesz olyan be nem jelentett adatv\u00e9delmi incidenssel kapcsolatos \u00fcgy, amelyben nem szab ki b\u00edrs\u00e1got a NAIH \u2013 mondta P\u00e9terfalvi Attila hat\u00f3s\u00e1gi eln\u00f6k a Deloitte MeetingRequest podcastj\u00e9ben. A 2018. m\u00e1jus 25-\u00e9n \u00e9lesedett jogszab\u00e1ly miatt minden v\u00e1llalatnak \u00e9rdemes kiemelten figyelnie arra, hogy teljes\u00edtse a jogalkot\u00f3k elv\u00e1r\u00e1sait. B\u0151vebben: https:\/\/www2.deloitte.com\/hu\/hu\/pages\/jog\/articles\/nincs-tobb-turelem-gdpr-ugyekben.html?fbclid=IwAR34Ics0_XWpYZg3yVS_ki2mP5Fbt2M5xBXZjunUilIecuC02CN-OMFpXTI\" \/>\n<meta property=\"og:url\" content=\"https:\/\/gdprtanacsadas.eu\/index.php\/2019\/08\/20\/12968\/\" \/>\n<meta property=\"og:site_name\" content=\"gdprtanacsadas.eu\" \/>\n<meta property=\"article:published_time\" content=\"2019-08-20T17:52:07+00:00\" \/>\n<meta property=\"article:modified_time\" content=\"2019-08-20T17:52:08+00:00\" \/>\n<meta property=\"og:image\" content=\"https:\/\/gdprtanacsadas.eu\/wp-content\/uploads\/2019\/08\/sign-304093__480.png\" \/>\n\t<meta property=\"og:image:width\" content=\"544\" \/>\n\t<meta property=\"og:image:height\" content=\"480\" \/>\n\t<meta property=\"og:image:type\" content=\"image\/png\" \/>\n<meta name=\"author\" content=\"admin\" \/>\n<meta name=\"twitter:card\" content=\"summary_large_image\" \/>\n<meta name=\"twitter:label1\" content=\"Szerz\u0151:\" \/>\n\t<meta name=\"twitter:data1\" content=\"admin\" \/>\n\t<meta name=\"twitter:label2\" content=\"Becs\u00fclt olvas\u00e1si id\u0151\" \/>\n\t<meta name=\"twitter:data2\" content=\"1 perc\" \/>\n<script type=\"application\/ld+json\" class=\"yoast-schema-graph\">{\"@context\":\"https:\\\/\\\/schema.org\",\"@graph\":[{\"@type\":\"Article\",\"@id\":\"https:\\\/\\\/gdprtanacsadas.eu\\\/index.php\\\/2019\\\/08\\\/20\\\/12968\\\/#article\",\"isPartOf\":{\"@id\":\"https:\\\/\\\/gdprtanacsadas.eu\\\/index.php\\\/2019\\\/08\\\/20\\\/12968\\\/\"},\"author\":{\"name\":\"admin\",\"@id\":\"https:\\\/\\\/gdprtanacsadas.eu\\\/#\\\/schema\\\/person\\\/239d0c5b3fbe15e1800218735fa688ed\"},\"headline\":\"Nincs c\u00edm\",\"datePublished\":\"2019-08-20T17:52:07+00:00\",\"dateModified\":\"2019-08-20T17:52:08+00:00\",\"mainEntityOfPage\":{\"@id\":\"https:\\\/\\\/gdprtanacsadas.eu\\\/index.php\\\/2019\\\/08\\\/20\\\/12968\\\/\"},\"wordCount\":102,\"image\":{\"@id\":\"https:\\\/\\\/gdprtanacsadas.eu\\\/index.php\\\/2019\\\/08\\\/20\\\/12968\\\/#primaryimage\"},\"thumbnailUrl\":\"https:\\\/\\\/gdprtanacsadas.eu\\\/wp-content\\\/uploads\\\/2019\\\/08\\\/sign-304093__480.png\",\"inLanguage\":\"hu\"},{\"@type\":\"WebPage\",\"@id\":\"https:\\\/\\\/gdprtanacsadas.eu\\\/index.php\\\/2019\\\/08\\\/20\\\/12968\\\/\",\"url\":\"https:\\\/\\\/gdprtanacsadas.eu\\\/index.php\\\/2019\\\/08\\\/20\\\/12968\\\/\",\"name\":\"- gdprtanacsadas.eu\",\"isPartOf\":{\"@id\":\"https:\\\/\\\/gdprtanacsadas.eu\\\/#website\"},\"primaryImageOfPage\":{\"@id\":\"https:\\\/\\\/gdprtanacsadas.eu\\\/index.php\\\/2019\\\/08\\\/20\\\/12968\\\/#primaryimage\"},\"image\":{\"@id\":\"https:\\\/\\\/gdprtanacsadas.eu\\\/index.php\\\/2019\\\/08\\\/20\\\/12968\\\/#primaryimage\"},\"thumbnailUrl\":\"https:\\\/\\\/gdprtanacsadas.eu\\\/wp-content\\\/uploads\\\/2019\\\/08\\\/sign-304093__480.png\",\"datePublished\":\"2019-08-20T17:52:07+00:00\",\"dateModified\":\"2019-08-20T17:52:08+00:00\",\"author\":{\"@id\":\"https:\\\/\\\/gdprtanacsadas.eu\\\/#\\\/schema\\\/person\\\/239d0c5b3fbe15e1800218735fa688ed\"},\"inLanguage\":\"hu\",\"potentialAction\":[{\"@type\":\"ReadAction\",\"target\":[\"https:\\\/\\\/gdprtanacsadas.eu\\\/index.php\\\/2019\\\/08\\\/20\\\/12968\\\/\"]}]},{\"@type\":\"ImageObject\",\"inLanguage\":\"hu\",\"@id\":\"https:\\\/\\\/gdprtanacsadas.eu\\\/index.php\\\/2019\\\/08\\\/20\\\/12968\\\/#primaryimage\",\"url\":\"https:\\\/\\\/gdprtanacsadas.eu\\\/wp-content\\\/uploads\\\/2019\\\/08\\\/sign-304093__480.png\",\"contentUrl\":\"https:\\\/\\\/gdprtanacsadas.eu\\\/wp-content\\\/uploads\\\/2019\\\/08\\\/sign-304093__480.png\",\"width\":544,\"height\":480},{\"@type\":\"WebSite\",\"@id\":\"https:\\\/\\\/gdprtanacsadas.eu\\\/#website\",\"url\":\"https:\\\/\\\/gdprtanacsadas.eu\\\/\",\"name\":\"gdprtanacsadas.eu\",\"description\":\"GDPR tan\u00e1csad\u00e1s\",\"potentialAction\":[{\"@type\":\"SearchAction\",\"target\":{\"@type\":\"EntryPoint\",\"urlTemplate\":\"https:\\\/\\\/gdprtanacsadas.eu\\\/?s={search_term_string}\"},\"query-input\":{\"@type\":\"PropertyValueSpecification\",\"valueRequired\":true,\"valueName\":\"search_term_string\"}}],\"inLanguage\":\"hu\"},{\"@type\":\"Person\",\"@id\":\"https:\\\/\\\/gdprtanacsadas.eu\\\/#\\\/schema\\\/person\\\/239d0c5b3fbe15e1800218735fa688ed\",\"name\":\"admin\",\"image\":{\"@type\":\"ImageObject\",\"inLanguage\":\"hu\",\"@id\":\"https:\\\/\\\/secure.gravatar.com\\\/avatar\\\/d93eda573f123ac4ab7ef8031a5b44d7a7fed56b7e1548cfac7f45cdf3ba4aa2?s=96&d=mm&r=g\",\"url\":\"https:\\\/\\\/secure.gravatar.com\\\/avatar\\\/d93eda573f123ac4ab7ef8031a5b44d7a7fed56b7e1548cfac7f45cdf3ba4aa2?s=96&d=mm&r=g\",\"contentUrl\":\"https:\\\/\\\/secure.gravatar.com\\\/avatar\\\/d93eda573f123ac4ab7ef8031a5b44d7a7fed56b7e1548cfac7f45cdf3ba4aa2?s=96&d=mm&r=g\",\"caption\":\"admin\"}}]}<\/script>\n<!-- \/ Yoast SEO plugin. -->","yoast_head_json":{"title":"- gdprtanacsadas.eu","robots":{"index":"noindex","follow":"follow"},"og_locale":"hu_HU","og_type":"article","og_title":"- gdprtanacsadas.eu","og_description":"Nincs t\u00f6bb t\u00fcrelem GDPR \u00fcgyekben Egy \u00e9vvel a GDPR t\u00fcrelmi idej\u00e9nek lej\u00e1rta ut\u00e1n nem lesz olyan be nem jelentett adatv\u00e9delmi incidenssel kapcsolatos \u00fcgy, amelyben nem szab ki b\u00edrs\u00e1got a NAIH \u2013 mondta P\u00e9terfalvi Attila hat\u00f3s\u00e1gi eln\u00f6k a Deloitte MeetingRequest podcastj\u00e9ben. A 2018. m\u00e1jus 25-\u00e9n \u00e9lesedett jogszab\u00e1ly miatt minden v\u00e1llalatnak \u00e9rdemes kiemelten figyelnie arra, hogy teljes\u00edtse a jogalkot\u00f3k elv\u00e1r\u00e1sait. B\u0151vebben: https:\/\/www2.deloitte.com\/hu\/hu\/pages\/jog\/articles\/nincs-tobb-turelem-gdpr-ugyekben.html?fbclid=IwAR34Ics0_XWpYZg3yVS_ki2mP5Fbt2M5xBXZjunUilIecuC02CN-OMFpXTI","og_url":"https:\/\/gdprtanacsadas.eu\/index.php\/2019\/08\/20\/12968\/","og_site_name":"gdprtanacsadas.eu","article_published_time":"2019-08-20T17:52:07+00:00","article_modified_time":"2019-08-20T17:52:08+00:00","og_image":[{"width":544,"height":480,"url":"https:\/\/gdprtanacsadas.eu\/wp-content\/uploads\/2019\/08\/sign-304093__480.png","type":"image\/png"}],"author":"admin","twitter_card":"summary_large_image","twitter_misc":{"Szerz\u0151:":"admin","Becs\u00fclt olvas\u00e1si id\u0151":"1 perc"},"schema":{"@context":"https:\/\/schema.org","@graph":[{"@type":"Article","@id":"https:\/\/gdprtanacsadas.eu\/index.php\/2019\/08\/20\/12968\/#article","isPartOf":{"@id":"https:\/\/gdprtanacsadas.eu\/index.php\/2019\/08\/20\/12968\/"},"author":{"name":"admin","@id":"https:\/\/gdprtanacsadas.eu\/#\/schema\/person\/239d0c5b3fbe15e1800218735fa688ed"},"headline":"Nincs c\u00edm","datePublished":"2019-08-20T17:52:07+00:00","dateModified":"2019-08-20T17:52:08+00:00","mainEntityOfPage":{"@id":"https:\/\/gdprtanacsadas.eu\/index.php\/2019\/08\/20\/12968\/"},"wordCount":102,"image":{"@id":"https:\/\/gdprtanacsadas.eu\/index.php\/2019\/08\/20\/12968\/#primaryimage"},"thumbnailUrl":"https:\/\/gdprtanacsadas.eu\/wp-content\/uploads\/2019\/08\/sign-304093__480.png","inLanguage":"hu"},{"@type":"WebPage","@id":"https:\/\/gdprtanacsadas.eu\/index.php\/2019\/08\/20\/12968\/","url":"https:\/\/gdprtanacsadas.eu\/index.php\/2019\/08\/20\/12968\/","name":"- gdprtanacsadas.eu","isPartOf":{"@id":"https:\/\/gdprtanacsadas.eu\/#website"},"primaryImageOfPage":{"@id":"https:\/\/gdprtanacsadas.eu\/index.php\/2019\/08\/20\/12968\/#primaryimage"},"image":{"@id":"https:\/\/gdprtanacsadas.eu\/index.php\/2019\/08\/20\/12968\/#primaryimage"},"thumbnailUrl":"https:\/\/gdprtanacsadas.eu\/wp-content\/uploads\/2019\/08\/sign-304093__480.png","datePublished":"2019-08-20T17:52:07+00:00","dateModified":"2019-08-20T17:52:08+00:00","author":{"@id":"https:\/\/gdprtanacsadas.eu\/#\/schema\/person\/239d0c5b3fbe15e1800218735fa688ed"},"inLanguage":"hu","potentialAction":[{"@type":"ReadAction","target":["https:\/\/gdprtanacsadas.eu\/index.php\/2019\/08\/20\/12968\/"]}]},{"@type":"ImageObject","inLanguage":"hu","@id":"https:\/\/gdprtanacsadas.eu\/index.php\/2019\/08\/20\/12968\/#primaryimage","url":"https:\/\/gdprtanacsadas.eu\/wp-content\/uploads\/2019\/08\/sign-304093__480.png","contentUrl":"https:\/\/gdprtanacsadas.eu\/wp-content\/uploads\/2019\/08\/sign-304093__480.png","width":544,"height":480},{"@type":"WebSite","@id":"https:\/\/gdprtanacsadas.eu\/#website","url":"https:\/\/gdprtanacsadas.eu\/","name":"gdprtanacsadas.eu","description":"GDPR tan\u00e1csad\u00e1s","potentialAction":[{"@type":"SearchAction","target":{"@type":"EntryPoint","urlTemplate":"https:\/\/gdprtanacsadas.eu\/?s={search_term_string}"},"query-input":{"@type":"PropertyValueSpecification","valueRequired":true,"valueName":"search_term_string"}}],"inLanguage":"hu"},{"@type":"Person","@id":"https:\/\/gdprtanacsadas.eu\/#\/schema\/person\/239d0c5b3fbe15e1800218735fa688ed","name":"admin","image":{"@type":"ImageObject","inLanguage":"hu","@id":"https:\/\/secure.gravatar.com\/avatar\/d93eda573f123ac4ab7ef8031a5b44d7a7fed56b7e1548cfac7f45cdf3ba4aa2?s=96&d=mm&r=g","url":"https:\/\/secure.gravatar.com\/avatar\/d93eda573f123ac4ab7ef8031a5b44d7a7fed56b7e1548cfac7f45cdf3ba4aa2?s=96&d=mm&r=g","contentUrl":"https:\/\/secure.gravatar.com\/avatar\/d93eda573f123ac4ab7ef8031a5b44d7a7fed56b7e1548cfac7f45cdf3ba4aa2?s=96&d=mm&r=g","caption":"admin"}}]}},"_links":{"self":[{"href":"https:\/\/gdprtanacsadas.eu\/index.php\/wp-json\/wp\/v2\/posts\/12968","targetHints":{"allow":["GET"]}}],"collection":[{"href":"https:\/\/gdprtanacsadas.eu\/index.php\/wp-json\/wp\/v2\/posts"}],"about":[{"href":"https:\/\/gdprtanacsadas.eu\/index.php\/wp-json\/wp\/v2\/types\/post"}],"author":[{"embeddable":true,"href":"https:\/\/gdprtanacsadas.eu\/index.php\/wp-json\/wp\/v2\/users\/1"}],"replies":[{"embeddable":true,"href":"https:\/\/gdprtanacsadas.eu\/index.php\/wp-json\/wp\/v2\/comments?post=12968"}],"version-history":[{"count":1,"href":"https:\/\/gdprtanacsadas.eu\/index.php\/wp-json\/wp\/v2\/posts\/12968\/revisions"}],"predecessor-version":[{"id":12970,"href":"https:\/\/gdprtanacsadas.eu\/index.php\/wp-json\/wp\/v2\/posts\/12968\/revisions\/12970"}],"wp:featuredmedia":[{"embeddable":true,"href":"https:\/\/gdprtanacsadas.eu\/index.php\/wp-json\/wp\/v2\/media\/12969"}],"wp:attachment":[{"href":"https:\/\/gdprtanacsadas.eu\/index.php\/wp-json\/wp\/v2\/media?parent=12968"}],"wp:term":[{"taxonomy":"category","embeddable":true,"href":"https:\/\/gdprtanacsadas.eu\/index.php\/wp-json\/wp\/v2\/categories?post=12968"},{"taxonomy":"post_tag","embeddable":true,"href":"https:\/\/gdprtanacsadas.eu\/index.php\/wp-json\/wp\/v2\/tags?post=12968"}],"curies":[{"name":"wp","href":"https:\/\/api.w.org\/{rel}","templated":true}]}}