{"id":12769,"date":"2018-11-21T20:20:38","date_gmt":"2018-11-21T20:20:38","guid":{"rendered":"https:\/\/gdprtanacsadas.eu\/?p=12769"},"modified":"2018-11-21T20:20:38","modified_gmt":"2018-11-21T20:20:38","slug":"kiszortak-az-elso-gdpr-birsagokat-tobb-szaz-bejelentest-tettek-magyarorszagon-is","status":"publish","type":"post","link":"https:\/\/gdprtanacsadas.eu\/index.php\/2018\/11\/21\/kiszortak-az-elso-gdpr-birsagokat-tobb-szaz-bejelentest-tettek-magyarorszagon-is\/","title":{"rendered":"Kisz\u00f3rt\u00e1k az els\u0151 GDPR-b\u00edrs\u00e1gokat &#8211; t\u00f6bb sz\u00e1z bejelent\u00e9st tettek Magyarorsz\u00e1gon is"},"content":{"rendered":"<p class=\"lead\">Az ak\u00e1r milli\u00e1rdos nagys\u00e1grend\u0171 b\u00edrs\u00e1gt\u00f3l val\u00f3 retteg\u00e9s a magyar c\u00e9gek k\u00f6z\u00f6tt is igazi GDPR-rohamot v\u00e1ltott ki az \u00e9v elej\u00e9n, mindenki igyekezett legal\u00e1bb az adatv\u00e9delmi t\u00e1j\u00e9koztat\u00f3j\u00e1t az egys\u00e9ges uni\u00f3s rendelkez\u00e9sekhez igaz\u00edtani. A vihar n\u00e9h\u00e1ny h\u00e9t alatt el\u00fclt, mivel eddig nem igaz\u00e1n hallhattunk arr\u00f3l, hogy valakit t\u00e9nyleg megb\u00edrs\u00e1goltak volna &#8211; de ami k\u00e9sik, nem m\u00falik: Eur\u00f3p\u00e1ba meg\u00e9rkeztek az els\u0151 GDPR-fecsk\u00e9k. Egy osztr\u00e1k v\u00e1llalkoz\u00e1s \u00e9s egy portug\u00e1l k\u00f3rh\u00e1z m\u00e9lyen a zseb\u00e9be ny\u00falhat, Magyarorsz\u00e1gon m\u00e1r 600 bejelent\u00e9st kapott a hat\u00f3s\u00e1g.<\/p>\n<p>M\u00e1jus 25-\u00e9n l\u00e9pett \u00e9letbe az Eur\u00f3pai Uni\u00f3 \u00e1ltal\u00e1nos adatv\u00e9delmi rendelete, a GDPR (Genderal Data Protection Regulation), ami egys\u00e9gess\u00e9 tette az EU adatv\u00e9delmi szab\u00e1lyoz\u00e1s\u00e1t. B\u00e1r sok szempontb\u00f3l az \u00faj rend nem szigor\u00fabb, mint ami Magyarorsz\u00e1gon kor\u00e1bban is hat\u00e1lyban volt, az el\u0151\u00edr\u00e1sok megszeg\u00e9se eset\u00e9n kiszabhat\u00f3 b\u00edrs\u00e1g ak\u00e1r elk\u00e9peszt\u0151 m\u00e9reteket is \u00f6lthet: el\u00e9rheti a 20 milli\u00f3 eur\u00f3t (k\u00f6zel 6,5 milli\u00e1rd forintot) vagy a c\u00e9gcsoport teljes, glob\u00e1lis forgalm\u00e1nak 4 sz\u00e1zal\u00e9k\u00e1t &#8211; att\u00f3l f\u00fcgg\u0151en, melyik a t\u00f6bb.<\/p>\n<p>B\u00e1r elvileg a kor\u00e1bbi magyarorsz\u00e1gi szab\u00e1lyoz\u00e1s \u00e9rdemben nem volt laz\u00e1bb az egys\u00e9ges uni\u00f3sn\u00e1l, m\u00e9gis el\u00e9rt mindenkit a GDPR-\u0151r\u00fclet: az utols\u00f3 pillanatokban a legnagyobb multikt\u00f3l a legkisebb web\u00e1ruh\u00e1zakig mindenki \u00e1talak\u00edtotta adatkezel\u00e9si t\u00e1j\u00e9koztat\u00f3j\u00e1t \u00e9s err\u0151l lev\u00e9lben \u00e9rtes\u00edtette partnereit. Rem\u00e9lhet\u0151leg nem csak a t\u00e1j\u00e9koztat\u00f3k, hanem a gyakorlatok is GDPR-kompatibiliss\u00e9 v\u00e1ltak &#8211; ilyen ir\u00e1ny\u00fa vizsg\u00e1latok eredm\u00e9nyeir\u0151l azonban egyel\u0151re nincsenek friss hazai h\u00edrek. Mindenesetre kiszabott b\u00edrs\u00e1gok n\u00e9lk\u00fcl is komoly k\u00f6lts\u00e9gt\u00e9telt jelentett a hazai v\u00e1llalkoz\u00e1soknak az \u00faj adatv\u00e9delmi szab\u00e1lyoz\u00e1sra val\u00f3 felk\u00e9sz\u00fcl\u00e9s, amelynek nyertesei els\u0151 k\u00f6rben a tan\u00e1csad\u00f3 c\u00e9gek, az \u00fcgyv\u00e9di irod\u00e1k \u00e9s az informatikai fejleszt\u0151c\u00e9gek voltak.<\/p>\n<p><strong>F\u00e9l \u00e9ve \u00e9l az \u00faj keretrendszer &#8211; hol vannak a gigab\u00edrs\u00e1gok?<\/strong><\/p>\n<p>A GDPR tan\u00e1csad\u00e1ssal \u00e9s \u00fczleti d\u00f6nt\u00e9seket t\u00e1mogat\u00f3 szoftverek fejleszt\u00e9s\u00e9vel foglalkoz\u00f3<a href=\"https:\/\/blog.crosssec.com\/az-elso-gdpr-buntetesek\" target=\"_blank\" rel=\"noopener\">Crosssec Solutions blogj\u00e1n<\/a>\u00a0megjelent posztban azt \u00edrj\u00e1k: az\u00e9rt nem olvashatunk GDPR b\u00edrs\u00e1gokr\u00f3l nap mint nap,\u00a0 mert m\u00e9g t\u00fal korai, hogy az \u00fcgyek kivizsg\u00e1l\u00e1sa \u00e9s b\u00edr\u00f3s\u00e1gi t\u00e1rgyal\u00e1sa megt\u00f6rt\u00e9njen olyan m\u00f3don, hogy \u00edt\u00e9let is sz\u00fclethessen. Jelent\u0151sen megn\u00f6vekedett ugyanakkor a nemzeti hat\u00f3s\u00e1gokhoz be\u00e9rkez\u0151 panaszok sz\u00e1ma, Magyarorsz\u00e1gon is t\u00f6bb mint 600 bejelent\u00e9s \u00e9rkezett, melyeket egyenk\u00e9nt ki kell vizsg\u00e1lni, \u00e9s meg kell \u00e1llap\u00edtani, hogy el\u00e9g megalapozottak-e az elj\u00e1r\u00e1s megind\u00edt\u00e1s\u00e1hoz.<\/p>\n<p>Hasonl\u00f3 a helyzet az EU t\u00f6bbi tagorsz\u00e1g\u00e1ban is. A brit hat\u00f3s\u00e1ghoz hetente t\u00f6bb mint 500 bejelent\u00e9s \u00e9rkezik, m\u00e1jus 25. \u00e9s j\u00falius 3. k\u00f6z\u00f6tt az el\u0151z\u0151 \u00e9vi 2417 panasz helyett m\u00e1r 6281 \u00fcgyben fordultak az ICO-hoz &#8211; \u00edrj\u00e1k. Az illet\u00e9kes francia hat\u00f3s\u00e1g is a panaszok sz\u00e1m\u00e1nak 37 sz\u00e1zal\u00e9kos n\u00f6veked\u00e9s\u00e9r\u0151l sz\u00e1molt be. A leg\u00e9rdekesebb \u00cdrorsz\u00e1g helyzete, hiszen az olyan technol\u00f3giai \u00f3ri\u00e1sok, mint p\u00e9ld\u00e1ul a Google \u00e9s a Facebook ,\u00edrorsz\u00e1gi le\u00e1nyv\u00e1llalaton kereszt\u00fcl m\u0171k\u00f6dnek az EU-s piacokon. Nem csoda teh\u00e1t, hogy ebben az esetben is drasztikus n\u00f6veked\u00e9st tapasztal a hat\u00f3s\u00e1g, az el\u0151z\u0151 \u00e9vi 230 bejelent\u00e9shez k\u00e9pest 1713 t\u00f6rt\u00e9nt m\u00e1jus 25. \u00f3ta.<\/p>\n<p><strong>Az els\u0151k: egy osztr\u00e1k v\u00e1llalkoz\u00e1s \u00e9s egy portug\u00e1l k\u00f3rh\u00e1z<\/strong><\/p>\n<p>A Crosssec szak\u00e9rt\u0151i k\u00e9t olyan esetr\u0151l tudnak, ahol konkr\u00e9t b\u00edrs\u00e1g\u00f6sszeg meghat\u00e1roz\u00e1s\u00e1ra is sor ker\u00fclt. Az osztr\u00e1k adatv\u00e9delmi hat\u00f3s\u00e1g (DSB) els\u0151, \u00edt\u00e9lethoz\u00e1ssal v\u00e9gz\u0151d\u0151 GDPR-vizsg\u00e1lata egy, a kamerarendszer nem megfelel\u0151 alkalmaz\u00e1s\u00e1val kapcsolatos \u00fcgyben folyt m\u00e9g szeptember k\u00f6zep\u00e9n. A megb\u00edrs\u00e1golt v\u00e1llalkoz\u00e1s olyan z\u00e1rtl\u00e1nc\u00fa kamerarendszert haszn\u00e1lt az ingatlan el\u0151tt, amely a j\u00e1rda \u2013 \u00edgy k\u00f6zter\u00fclet \u2013 nagy r\u00e9sz\u00e9t is r\u00f6gz\u00edtette. A DSB ezt a GDPR megszeg\u00e9s\u00e9nek \u00edt\u00e9lte, hiszen a k\u00f6zter\u00fcletek ilyen c\u00e9l\u00fa, nagy m\u00e9rt\u00e9k\u0171 megfigyel\u00e9se nem megengedett. A vizsg\u00e1lat sor\u00e1n kider\u00fclt, hogy a kamerarendszer haszn\u00e1lat\u00e1r\u00f3l sz\u00f3l\u00f3 megfelel\u0151 t\u00e1j\u00e9koztat\u00e1s sem t\u00f6rt\u00e9nt meg. A kiszabott b\u00edrs\u00e1g \u00f6sszege ebben az esetben 4800 eur\u00f3, mintegy m\u00e1sf\u00e9l milli\u00f3 forintnak megfelel\u0151 \u00f6sszeg volt.<\/p>\n<p>A m\u00e1sodik, m\u00e1r b\u00edrs\u00e1ggal lez\u00e1rt esetben egy portug\u00e1l k\u00f3rh\u00e1z, a Centro Hospitalar Barreiro Montijo eset\u00e9ben \u00e1llap\u00edtott meg komoly b\u00edrs\u00e1got a helyi adatv\u00e9delmi hat\u00f3s\u00e1g (CNPD). A t\u00f6bb jogs\u00e9rt\u00e9st is felt\u00e1r\u00f3 vizsg\u00e1lat sor\u00e1n kider\u00fclt, hogy a k\u00f3rh\u00e1z nem megfelel\u0151en t\u00e1rolta a betegek adatait, valamint a betegadatokhoz val\u00f3 hozz\u00e1f\u00e9r\u00e9s szab\u00e1lyoz\u00e1sa sem volt megfelel\u0151.<\/p>\n<p>A k\u00f3rh\u00e1zi rendszerben 985 olyan felhaszn\u00e1l\u00f3t tal\u00e1ltak a vizsg\u00e1lat sor\u00e1n, akik orvosi hozz\u00e1f\u00e9r\u00e9ssel rendelkeztek, holott az int\u00e9zm\u00e9nyben \u00f6sszesen csak 296 orvos dolgozik. K\u00fcl\u00f6n probl\u00e9ma, hogy a k\u00f3rh\u00e1zi szem\u00e9lyzet korl\u00e1toz\u00e1s n\u00e9lk\u00fcl hozz\u00e1f\u00e9rt az \u00f6sszes beteg \u00f6sszes adat\u00e1hoz, \u00edgy el\u0151fordulhatott hogy p\u00e9ld\u00e1ul a dietetikusok hozz\u00e1f\u00e9rtek a pszichi\u00e1triai adatokhoz, vagy a nem orvosk\u00e9nt dolgoz\u00f3 k\u00f3rh\u00e1zi szem\u00e9lyek r\u00e1l\u00e1ttak a vizsg\u00e1latok adataira is. A betegadatb\u00e1zis nem megfelel\u0151 kezel\u00e9se mellett az el\u0151bb bemutatott adatkezel\u00e9si folyamat egy\u00e1ltal\u00e1n nem tudja garant\u00e1lni az adatok integrit\u00e1s\u00e1t, bizalmass\u00e1g\u00e1t \u00e9s el\u00e9rhet\u0151s\u00e9g\u00e9t &#8211; \u00e1llap\u00edtotta meg a vizsg\u00e1lat.<\/p>\n<p>A 400 ezer eur\u00f3s b\u00edrs\u00e1g (k\u00f6zel 130 milli\u00f3 forint!) a portug\u00e1l adatv\u00e9delmi hat\u00f3s\u00e1g \u00e1ltal valaha kiszabott legnagyobb b\u00fcntet\u00e9s. A k\u00f3rh\u00e1z elismerte a probl\u00e9m\u00e1kat, azonban megk\u00e9rd\u0151jelezi, hogy a CNPD elj\u00e1rhat-e, \u00e9s szabhat-e ki b\u00edrs\u00e1got vel\u00fck szemben, \u00edgy v\u00e1rhat\u00f3an b\u00edr\u00f3s\u00e1gi fel\u00fclvizsg\u00e1latot k\u00e9r a b\u00edrs\u00e1g kifizet\u00e9se el\u0151tt &#8211; \u00edrja a Crosssec.<\/p>\n<p><strong>Magyarorsz\u00e1gon egyel\u0151re nyugi van &#8211; vihar el\u0151tti csend?<\/strong><\/p>\n<p>Dr. Szil\u00e1gyi Andr\u00e1s, a BKIK Medi\u00e1ci\u00f3s \u00e9s Jogi Koordin\u00e1ci\u00f3s Oszt\u00e1ly\u00e1nak eln\u00f6ke a kamara \u00e1ltal szervezett\u00a0<a href=\"http:\/\/bkik.hu\/gyakorlati-alkalmazas-soran-derul-feny-az-adatvedelmi-torveny-hianyossagaira\/\" target=\"_blank\" rel=\"noopener\">workshopon<\/a>\u00a0nemr\u00e9g arr\u00f3l besz\u00e9lt: a magyar adatv\u00e9delmi hat\u00f3s\u00e1g (Nemzeti Adatv\u00e9delmi \u00e9s Inform\u00e1ci\u00f3szabads\u00e1g Hat\u00f3s\u00e1g) az elm\u00falt id\u0151szakban m\u00e9g csak puhatol\u00f3zott a szab\u00e1lyszeg\u0151 v\u00e1llalkoz\u00e1sokn\u00e1l \u00e9s v\u00e1llalatokn\u00e1l, aminek egyik oka, hogy p\u00e9ldamutat\u00f3 eur\u00f3pai precedensre v\u00e1rnak \u2013 ami a b\u00fcntet\u00e9s m\u00e9rt\u00e9k\u00e9t illeti -, m\u00e1sr\u00e9szt pedig az, hogy az els\u0151 \u00edzben elk\u00f6vetett adatv\u00e9delmi szab\u00e1lyszeg\u00e9seket Magyarorsz\u00e1gon a fokozatoss\u00e1g elve alapj\u00e1n csup\u00e1n figyelmeztet\u00e9ssel honor\u00e1lj\u00e1k.<\/p>\n<p>Forr\u00e1s:<\/p>\n<p>https:\/\/privatbankar.hu\/vallalat\/kiszortak-az-elso-gdpr-birsagokat-tobb-szaz-bejelentest-tettek-magyarorszagon-is-322815<\/p>\n","protected":false},"excerpt":{"rendered":"<p>Az ak\u00e1r milli\u00e1rdos nagys\u00e1grend\u0171 b\u00edrs\u00e1gt\u00f3l val\u00f3 retteg\u00e9s a magyar c\u00e9gek k\u00f6z\u00f6tt is igazi GDPR-rohamot v\u00e1ltott ki az \u00e9v elej\u00e9n, mindenki igyekezett legal\u00e1bb az adatv\u00e9delmi t\u00e1j\u00e9koztat\u00f3j\u00e1t az egys\u00e9ges uni\u00f3s rendelkez\u00e9sekhez igaz\u00edtani. A vihar n\u00e9h\u00e1ny h\u00e9t alatt el\u00fclt, mivel eddig nem igaz\u00e1n hallhattunk arr\u00f3l, hogy valakit t\u00e9nyleg megb\u00edrs\u00e1goltak volna &#8211; de ami k\u00e9sik, nem m\u00falik: Eur\u00f3p\u00e1ba meg\u00e9rkeztek az els\u0151 GDPR-fecsk\u00e9k. Egy osztr\u00e1k&#8230;<\/p>\n","protected":false},"author":1,"featured_media":12771,"comment_status":"closed","ping_status":"closed","sticky":false,"template":"","format":"standard","meta":{"footnotes":""},"categories":[1],"tags":[],"class_list":["post-12769","post","type-post","status-publish","format-standard","has-post-thumbnail","hentry","category-egyeb"],"yoast_head":"<!-- This site is optimized with the Yoast SEO plugin v27.4 - https:\/\/yoast.com\/product\/yoast-seo-wordpress\/ -->\n<title>Kisz\u00f3rt\u00e1k az els\u0151 GDPR-b\u00edrs\u00e1gokat - t\u00f6bb sz\u00e1z bejelent\u00e9st tettek Magyarorsz\u00e1gon is - gdprtanacsadas.eu<\/title>\n<meta name=\"robots\" content=\"noindex, follow\" \/>\n<meta property=\"og:locale\" content=\"hu_HU\" \/>\n<meta property=\"og:type\" content=\"article\" \/>\n<meta property=\"og:title\" content=\"Kisz\u00f3rt\u00e1k az els\u0151 GDPR-b\u00edrs\u00e1gokat - t\u00f6bb sz\u00e1z bejelent\u00e9st tettek Magyarorsz\u00e1gon is - gdprtanacsadas.eu\" \/>\n<meta property=\"og:description\" content=\"Az ak\u00e1r milli\u00e1rdos nagys\u00e1grend\u0171 b\u00edrs\u00e1gt\u00f3l val\u00f3 retteg\u00e9s a magyar c\u00e9gek k\u00f6z\u00f6tt is igazi GDPR-rohamot v\u00e1ltott ki az \u00e9v elej\u00e9n, mindenki igyekezett legal\u00e1bb az adatv\u00e9delmi t\u00e1j\u00e9koztat\u00f3j\u00e1t az egys\u00e9ges uni\u00f3s rendelkez\u00e9sekhez igaz\u00edtani. A vihar n\u00e9h\u00e1ny h\u00e9t alatt el\u00fclt, mivel eddig nem igaz\u00e1n hallhattunk arr\u00f3l, hogy valakit t\u00e9nyleg megb\u00edrs\u00e1goltak volna &#8211; de ami k\u00e9sik, nem m\u00falik: Eur\u00f3p\u00e1ba meg\u00e9rkeztek az els\u0151 GDPR-fecsk\u00e9k. Egy osztr\u00e1k...\" \/>\n<meta property=\"og:url\" content=\"https:\/\/gdprtanacsadas.eu\/index.php\/2018\/11\/21\/kiszortak-az-elso-gdpr-birsagokat-tobb-szaz-bejelentest-tettek-magyarorszagon-is\/\" \/>\n<meta property=\"og:site_name\" content=\"gdprtanacsadas.eu\" \/>\n<meta property=\"article:published_time\" content=\"2018-11-21T20:20:38+00:00\" \/>\n<meta property=\"og:image\" content=\"https:\/\/gdprtanacsadas.eu\/wp-content\/uploads\/2018\/11\/thumb_shutterstock_394125202_1024-800x450.jpg\" \/>\n\t<meta property=\"og:image:width\" content=\"800\" \/>\n\t<meta property=\"og:image:height\" content=\"450\" \/>\n\t<meta property=\"og:image:type\" content=\"image\/jpeg\" \/>\n<meta name=\"author\" content=\"admin\" \/>\n<meta name=\"twitter:card\" content=\"summary_large_image\" \/>\n<meta name=\"twitter:label1\" content=\"Szerz\u0151:\" \/>\n\t<meta name=\"twitter:data1\" content=\"admin\" \/>\n\t<meta name=\"twitter:label2\" content=\"Becs\u00fclt olvas\u00e1si id\u0151\" \/>\n\t<meta name=\"twitter:data2\" content=\"6 perc\" \/>\n<script type=\"application\/ld+json\" class=\"yoast-schema-graph\">{\"@context\":\"https:\\\/\\\/schema.org\",\"@graph\":[{\"@type\":\"Article\",\"@id\":\"https:\\\/\\\/gdprtanacsadas.eu\\\/index.php\\\/2018\\\/11\\\/21\\\/kiszortak-az-elso-gdpr-birsagokat-tobb-szaz-bejelentest-tettek-magyarorszagon-is\\\/#article\",\"isPartOf\":{\"@id\":\"https:\\\/\\\/gdprtanacsadas.eu\\\/index.php\\\/2018\\\/11\\\/21\\\/kiszortak-az-elso-gdpr-birsagokat-tobb-szaz-bejelentest-tettek-magyarorszagon-is\\\/\"},\"author\":{\"name\":\"admin\",\"@id\":\"https:\\\/\\\/gdprtanacsadas.eu\\\/#\\\/schema\\\/person\\\/239d0c5b3fbe15e1800218735fa688ed\"},\"headline\":\"Kisz\u00f3rt\u00e1k az els\u0151 GDPR-b\u00edrs\u00e1gokat &#8211; t\u00f6bb sz\u00e1z bejelent\u00e9st tettek Magyarorsz\u00e1gon is\",\"datePublished\":\"2018-11-21T20:20:38+00:00\",\"mainEntityOfPage\":{\"@id\":\"https:\\\/\\\/gdprtanacsadas.eu\\\/index.php\\\/2018\\\/11\\\/21\\\/kiszortak-az-elso-gdpr-birsagokat-tobb-szaz-bejelentest-tettek-magyarorszagon-is\\\/\"},\"wordCount\":1291,\"image\":{\"@id\":\"https:\\\/\\\/gdprtanacsadas.eu\\\/index.php\\\/2018\\\/11\\\/21\\\/kiszortak-az-elso-gdpr-birsagokat-tobb-szaz-bejelentest-tettek-magyarorszagon-is\\\/#primaryimage\"},\"thumbnailUrl\":\"https:\\\/\\\/gdprtanacsadas.eu\\\/wp-content\\\/uploads\\\/2018\\\/11\\\/thumb_shutterstock_394125202_1024-800x450.jpg\",\"inLanguage\":\"hu\"},{\"@type\":\"WebPage\",\"@id\":\"https:\\\/\\\/gdprtanacsadas.eu\\\/index.php\\\/2018\\\/11\\\/21\\\/kiszortak-az-elso-gdpr-birsagokat-tobb-szaz-bejelentest-tettek-magyarorszagon-is\\\/\",\"url\":\"https:\\\/\\\/gdprtanacsadas.eu\\\/index.php\\\/2018\\\/11\\\/21\\\/kiszortak-az-elso-gdpr-birsagokat-tobb-szaz-bejelentest-tettek-magyarorszagon-is\\\/\",\"name\":\"Kisz\u00f3rt\u00e1k az els\u0151 GDPR-b\u00edrs\u00e1gokat - t\u00f6bb sz\u00e1z bejelent\u00e9st tettek Magyarorsz\u00e1gon is - gdprtanacsadas.eu\",\"isPartOf\":{\"@id\":\"https:\\\/\\\/gdprtanacsadas.eu\\\/#website\"},\"primaryImageOfPage\":{\"@id\":\"https:\\\/\\\/gdprtanacsadas.eu\\\/index.php\\\/2018\\\/11\\\/21\\\/kiszortak-az-elso-gdpr-birsagokat-tobb-szaz-bejelentest-tettek-magyarorszagon-is\\\/#primaryimage\"},\"image\":{\"@id\":\"https:\\\/\\\/gdprtanacsadas.eu\\\/index.php\\\/2018\\\/11\\\/21\\\/kiszortak-az-elso-gdpr-birsagokat-tobb-szaz-bejelentest-tettek-magyarorszagon-is\\\/#primaryimage\"},\"thumbnailUrl\":\"https:\\\/\\\/gdprtanacsadas.eu\\\/wp-content\\\/uploads\\\/2018\\\/11\\\/thumb_shutterstock_394125202_1024-800x450.jpg\",\"datePublished\":\"2018-11-21T20:20:38+00:00\",\"author\":{\"@id\":\"https:\\\/\\\/gdprtanacsadas.eu\\\/#\\\/schema\\\/person\\\/239d0c5b3fbe15e1800218735fa688ed\"},\"breadcrumb\":{\"@id\":\"https:\\\/\\\/gdprtanacsadas.eu\\\/index.php\\\/2018\\\/11\\\/21\\\/kiszortak-az-elso-gdpr-birsagokat-tobb-szaz-bejelentest-tettek-magyarorszagon-is\\\/#breadcrumb\"},\"inLanguage\":\"hu\",\"potentialAction\":[{\"@type\":\"ReadAction\",\"target\":[\"https:\\\/\\\/gdprtanacsadas.eu\\\/index.php\\\/2018\\\/11\\\/21\\\/kiszortak-az-elso-gdpr-birsagokat-tobb-szaz-bejelentest-tettek-magyarorszagon-is\\\/\"]}]},{\"@type\":\"ImageObject\",\"inLanguage\":\"hu\",\"@id\":\"https:\\\/\\\/gdprtanacsadas.eu\\\/index.php\\\/2018\\\/11\\\/21\\\/kiszortak-az-elso-gdpr-birsagokat-tobb-szaz-bejelentest-tettek-magyarorszagon-is\\\/#primaryimage\",\"url\":\"https:\\\/\\\/gdprtanacsadas.eu\\\/wp-content\\\/uploads\\\/2018\\\/11\\\/thumb_shutterstock_394125202_1024-800x450.jpg\",\"contentUrl\":\"https:\\\/\\\/gdprtanacsadas.eu\\\/wp-content\\\/uploads\\\/2018\\\/11\\\/thumb_shutterstock_394125202_1024-800x450.jpg\",\"width\":800,\"height\":450},{\"@type\":\"BreadcrumbList\",\"@id\":\"https:\\\/\\\/gdprtanacsadas.eu\\\/index.php\\\/2018\\\/11\\\/21\\\/kiszortak-az-elso-gdpr-birsagokat-tobb-szaz-bejelentest-tettek-magyarorszagon-is\\\/#breadcrumb\",\"itemListElement\":[{\"@type\":\"ListItem\",\"position\":1,\"name\":\"Home\",\"item\":\"https:\\\/\\\/gdprtanacsadas.eu\\\/\"},{\"@type\":\"ListItem\",\"position\":2,\"name\":\"Kisz\u00f3rt\u00e1k az els\u0151 GDPR-b\u00edrs\u00e1gokat &#8211; t\u00f6bb sz\u00e1z bejelent\u00e9st tettek Magyarorsz\u00e1gon is\"}]},{\"@type\":\"WebSite\",\"@id\":\"https:\\\/\\\/gdprtanacsadas.eu\\\/#website\",\"url\":\"https:\\\/\\\/gdprtanacsadas.eu\\\/\",\"name\":\"gdprtanacsadas.eu\",\"description\":\"GDPR tan\u00e1csad\u00e1s\",\"potentialAction\":[{\"@type\":\"SearchAction\",\"target\":{\"@type\":\"EntryPoint\",\"urlTemplate\":\"https:\\\/\\\/gdprtanacsadas.eu\\\/?s={search_term_string}\"},\"query-input\":{\"@type\":\"PropertyValueSpecification\",\"valueRequired\":true,\"valueName\":\"search_term_string\"}}],\"inLanguage\":\"hu\"},{\"@type\":\"Person\",\"@id\":\"https:\\\/\\\/gdprtanacsadas.eu\\\/#\\\/schema\\\/person\\\/239d0c5b3fbe15e1800218735fa688ed\",\"name\":\"admin\",\"image\":{\"@type\":\"ImageObject\",\"inLanguage\":\"hu\",\"@id\":\"https:\\\/\\\/secure.gravatar.com\\\/avatar\\\/d93eda573f123ac4ab7ef8031a5b44d7a7fed56b7e1548cfac7f45cdf3ba4aa2?s=96&d=mm&r=g\",\"url\":\"https:\\\/\\\/secure.gravatar.com\\\/avatar\\\/d93eda573f123ac4ab7ef8031a5b44d7a7fed56b7e1548cfac7f45cdf3ba4aa2?s=96&d=mm&r=g\",\"contentUrl\":\"https:\\\/\\\/secure.gravatar.com\\\/avatar\\\/d93eda573f123ac4ab7ef8031a5b44d7a7fed56b7e1548cfac7f45cdf3ba4aa2?s=96&d=mm&r=g\",\"caption\":\"admin\"}}]}<\/script>\n<!-- \/ Yoast SEO plugin. -->","yoast_head_json":{"title":"Kisz\u00f3rt\u00e1k az els\u0151 GDPR-b\u00edrs\u00e1gokat - t\u00f6bb sz\u00e1z bejelent\u00e9st tettek Magyarorsz\u00e1gon is - gdprtanacsadas.eu","robots":{"index":"noindex","follow":"follow"},"og_locale":"hu_HU","og_type":"article","og_title":"Kisz\u00f3rt\u00e1k az els\u0151 GDPR-b\u00edrs\u00e1gokat - t\u00f6bb sz\u00e1z bejelent\u00e9st tettek Magyarorsz\u00e1gon is - gdprtanacsadas.eu","og_description":"Az ak\u00e1r milli\u00e1rdos nagys\u00e1grend\u0171 b\u00edrs\u00e1gt\u00f3l val\u00f3 retteg\u00e9s a magyar c\u00e9gek k\u00f6z\u00f6tt is igazi GDPR-rohamot v\u00e1ltott ki az \u00e9v elej\u00e9n, mindenki igyekezett legal\u00e1bb az adatv\u00e9delmi t\u00e1j\u00e9koztat\u00f3j\u00e1t az egys\u00e9ges uni\u00f3s rendelkez\u00e9sekhez igaz\u00edtani. A vihar n\u00e9h\u00e1ny h\u00e9t alatt el\u00fclt, mivel eddig nem igaz\u00e1n hallhattunk arr\u00f3l, hogy valakit t\u00e9nyleg megb\u00edrs\u00e1goltak volna &#8211; de ami k\u00e9sik, nem m\u00falik: Eur\u00f3p\u00e1ba meg\u00e9rkeztek az els\u0151 GDPR-fecsk\u00e9k. Egy osztr\u00e1k...","og_url":"https:\/\/gdprtanacsadas.eu\/index.php\/2018\/11\/21\/kiszortak-az-elso-gdpr-birsagokat-tobb-szaz-bejelentest-tettek-magyarorszagon-is\/","og_site_name":"gdprtanacsadas.eu","article_published_time":"2018-11-21T20:20:38+00:00","og_image":[{"width":800,"height":450,"url":"https:\/\/gdprtanacsadas.eu\/wp-content\/uploads\/2018\/11\/thumb_shutterstock_394125202_1024-800x450.jpg","type":"image\/jpeg"}],"author":"admin","twitter_card":"summary_large_image","twitter_misc":{"Szerz\u0151:":"admin","Becs\u00fclt olvas\u00e1si id\u0151":"6 perc"},"schema":{"@context":"https:\/\/schema.org","@graph":[{"@type":"Article","@id":"https:\/\/gdprtanacsadas.eu\/index.php\/2018\/11\/21\/kiszortak-az-elso-gdpr-birsagokat-tobb-szaz-bejelentest-tettek-magyarorszagon-is\/#article","isPartOf":{"@id":"https:\/\/gdprtanacsadas.eu\/index.php\/2018\/11\/21\/kiszortak-az-elso-gdpr-birsagokat-tobb-szaz-bejelentest-tettek-magyarorszagon-is\/"},"author":{"name":"admin","@id":"https:\/\/gdprtanacsadas.eu\/#\/schema\/person\/239d0c5b3fbe15e1800218735fa688ed"},"headline":"Kisz\u00f3rt\u00e1k az els\u0151 GDPR-b\u00edrs\u00e1gokat &#8211; t\u00f6bb sz\u00e1z bejelent\u00e9st tettek Magyarorsz\u00e1gon is","datePublished":"2018-11-21T20:20:38+00:00","mainEntityOfPage":{"@id":"https:\/\/gdprtanacsadas.eu\/index.php\/2018\/11\/21\/kiszortak-az-elso-gdpr-birsagokat-tobb-szaz-bejelentest-tettek-magyarorszagon-is\/"},"wordCount":1291,"image":{"@id":"https:\/\/gdprtanacsadas.eu\/index.php\/2018\/11\/21\/kiszortak-az-elso-gdpr-birsagokat-tobb-szaz-bejelentest-tettek-magyarorszagon-is\/#primaryimage"},"thumbnailUrl":"https:\/\/gdprtanacsadas.eu\/wp-content\/uploads\/2018\/11\/thumb_shutterstock_394125202_1024-800x450.jpg","inLanguage":"hu"},{"@type":"WebPage","@id":"https:\/\/gdprtanacsadas.eu\/index.php\/2018\/11\/21\/kiszortak-az-elso-gdpr-birsagokat-tobb-szaz-bejelentest-tettek-magyarorszagon-is\/","url":"https:\/\/gdprtanacsadas.eu\/index.php\/2018\/11\/21\/kiszortak-az-elso-gdpr-birsagokat-tobb-szaz-bejelentest-tettek-magyarorszagon-is\/","name":"Kisz\u00f3rt\u00e1k az els\u0151 GDPR-b\u00edrs\u00e1gokat - t\u00f6bb sz\u00e1z bejelent\u00e9st tettek Magyarorsz\u00e1gon is - gdprtanacsadas.eu","isPartOf":{"@id":"https:\/\/gdprtanacsadas.eu\/#website"},"primaryImageOfPage":{"@id":"https:\/\/gdprtanacsadas.eu\/index.php\/2018\/11\/21\/kiszortak-az-elso-gdpr-birsagokat-tobb-szaz-bejelentest-tettek-magyarorszagon-is\/#primaryimage"},"image":{"@id":"https:\/\/gdprtanacsadas.eu\/index.php\/2018\/11\/21\/kiszortak-az-elso-gdpr-birsagokat-tobb-szaz-bejelentest-tettek-magyarorszagon-is\/#primaryimage"},"thumbnailUrl":"https:\/\/gdprtanacsadas.eu\/wp-content\/uploads\/2018\/11\/thumb_shutterstock_394125202_1024-800x450.jpg","datePublished":"2018-11-21T20:20:38+00:00","author":{"@id":"https:\/\/gdprtanacsadas.eu\/#\/schema\/person\/239d0c5b3fbe15e1800218735fa688ed"},"breadcrumb":{"@id":"https:\/\/gdprtanacsadas.eu\/index.php\/2018\/11\/21\/kiszortak-az-elso-gdpr-birsagokat-tobb-szaz-bejelentest-tettek-magyarorszagon-is\/#breadcrumb"},"inLanguage":"hu","potentialAction":[{"@type":"ReadAction","target":["https:\/\/gdprtanacsadas.eu\/index.php\/2018\/11\/21\/kiszortak-az-elso-gdpr-birsagokat-tobb-szaz-bejelentest-tettek-magyarorszagon-is\/"]}]},{"@type":"ImageObject","inLanguage":"hu","@id":"https:\/\/gdprtanacsadas.eu\/index.php\/2018\/11\/21\/kiszortak-az-elso-gdpr-birsagokat-tobb-szaz-bejelentest-tettek-magyarorszagon-is\/#primaryimage","url":"https:\/\/gdprtanacsadas.eu\/wp-content\/uploads\/2018\/11\/thumb_shutterstock_394125202_1024-800x450.jpg","contentUrl":"https:\/\/gdprtanacsadas.eu\/wp-content\/uploads\/2018\/11\/thumb_shutterstock_394125202_1024-800x450.jpg","width":800,"height":450},{"@type":"BreadcrumbList","@id":"https:\/\/gdprtanacsadas.eu\/index.php\/2018\/11\/21\/kiszortak-az-elso-gdpr-birsagokat-tobb-szaz-bejelentest-tettek-magyarorszagon-is\/#breadcrumb","itemListElement":[{"@type":"ListItem","position":1,"name":"Home","item":"https:\/\/gdprtanacsadas.eu\/"},{"@type":"ListItem","position":2,"name":"Kisz\u00f3rt\u00e1k az els\u0151 GDPR-b\u00edrs\u00e1gokat &#8211; t\u00f6bb sz\u00e1z bejelent\u00e9st tettek Magyarorsz\u00e1gon is"}]},{"@type":"WebSite","@id":"https:\/\/gdprtanacsadas.eu\/#website","url":"https:\/\/gdprtanacsadas.eu\/","name":"gdprtanacsadas.eu","description":"GDPR tan\u00e1csad\u00e1s","potentialAction":[{"@type":"SearchAction","target":{"@type":"EntryPoint","urlTemplate":"https:\/\/gdprtanacsadas.eu\/?s={search_term_string}"},"query-input":{"@type":"PropertyValueSpecification","valueRequired":true,"valueName":"search_term_string"}}],"inLanguage":"hu"},{"@type":"Person","@id":"https:\/\/gdprtanacsadas.eu\/#\/schema\/person\/239d0c5b3fbe15e1800218735fa688ed","name":"admin","image":{"@type":"ImageObject","inLanguage":"hu","@id":"https:\/\/secure.gravatar.com\/avatar\/d93eda573f123ac4ab7ef8031a5b44d7a7fed56b7e1548cfac7f45cdf3ba4aa2?s=96&d=mm&r=g","url":"https:\/\/secure.gravatar.com\/avatar\/d93eda573f123ac4ab7ef8031a5b44d7a7fed56b7e1548cfac7f45cdf3ba4aa2?s=96&d=mm&r=g","contentUrl":"https:\/\/secure.gravatar.com\/avatar\/d93eda573f123ac4ab7ef8031a5b44d7a7fed56b7e1548cfac7f45cdf3ba4aa2?s=96&d=mm&r=g","caption":"admin"}}]}},"_links":{"self":[{"href":"https:\/\/gdprtanacsadas.eu\/index.php\/wp-json\/wp\/v2\/posts\/12769","targetHints":{"allow":["GET"]}}],"collection":[{"href":"https:\/\/gdprtanacsadas.eu\/index.php\/wp-json\/wp\/v2\/posts"}],"about":[{"href":"https:\/\/gdprtanacsadas.eu\/index.php\/wp-json\/wp\/v2\/types\/post"}],"author":[{"embeddable":true,"href":"https:\/\/gdprtanacsadas.eu\/index.php\/wp-json\/wp\/v2\/users\/1"}],"replies":[{"embeddable":true,"href":"https:\/\/gdprtanacsadas.eu\/index.php\/wp-json\/wp\/v2\/comments?post=12769"}],"version-history":[{"count":1,"href":"https:\/\/gdprtanacsadas.eu\/index.php\/wp-json\/wp\/v2\/posts\/12769\/revisions"}],"predecessor-version":[{"id":12772,"href":"https:\/\/gdprtanacsadas.eu\/index.php\/wp-json\/wp\/v2\/posts\/12769\/revisions\/12772"}],"wp:featuredmedia":[{"embeddable":true,"href":"https:\/\/gdprtanacsadas.eu\/index.php\/wp-json\/wp\/v2\/media\/12771"}],"wp:attachment":[{"href":"https:\/\/gdprtanacsadas.eu\/index.php\/wp-json\/wp\/v2\/media?parent=12769"}],"wp:term":[{"taxonomy":"category","embeddable":true,"href":"https:\/\/gdprtanacsadas.eu\/index.php\/wp-json\/wp\/v2\/categories?post=12769"},{"taxonomy":"post_tag","embeddable":true,"href":"https:\/\/gdprtanacsadas.eu\/index.php\/wp-json\/wp\/v2\/tags?post=12769"}],"curies":[{"name":"wp","href":"https:\/\/api.w.org\/{rel}","templated":true}]}}